{"id":444,"date":"2023-03-27T16:11:38","date_gmt":"2023-03-27T14:11:38","guid":{"rendered":"https:\/\/www.modrasynkopa.cz\/?p=444"},"modified":"2023-09-04T13:53:06","modified_gmt":"2023-09-04T11:53:06","slug":"planovane-koncerty-na-rok-2023","status":"publish","type":"post","link":"https:\/\/www.modrasynkopa.cz\/?p=444","title":{"rendered":"Pl\u00e1novan\u00e9 koncerty na rok 2023"},"content":{"rendered":"\n<p>Mil\u00ed p\u0159\u00e1tel\u00e9,<\/p>\n\n\n\n<p>V roce 2023 pl\u00e1nujeme na\u0161e koncerty v Michnov\u011b pal\u00e1ci v n\u00e1sleduj\u00edc\u00edch term\u00ednech:<\/p>\n\n\n\n<p>28. \u00fanora &#8211; P\u0159edjarn\u00ed koncert<br>30. kv\u011btna &#8211; Jarn\u00ed koncert<br>3. \u0159\u00edjna &#8211; Podzimn\u00ed koncert<br>28. listopadu &#8211; V\u00e1no\u010dn\u00ed koncert<\/p>\n\n\n\n<p>V\u0161echny na\u0161e koncerty v Michnov\u011b pal\u00e1ci se konaj\u00ed v r\u00e1mci cyklu Do Sokola za kulturou a za\u010d\u00ednaj\u00ed v 19.00 hodin.<\/p>\n\n\n\n<p>T\u011b\u0161\u00edme se na va\u0161i n\u00e1v\u0161t\u011bvu a p\u0159ejeme p\u0159\u00edjemn\u00fd kulturn\u00ed z\u00e1\u017eitek.<\/p>\n","protected":false},"excerpt":{"rendered":"<p>Mil\u00ed p\u0159\u00e1tel\u00e9, V roce 2023 pl\u00e1nujeme na\u0161e koncerty v Michnov\u011b pal\u00e1ci v n\u00e1sleduj\u00edc\u00edch term\u00ednech: 28. \u00fanora &#8211; P\u0159edjarn\u00ed koncert30. kv\u011btna &#8211; Jarn\u00ed koncert3. \u0159\u00edjna &#8211; Podzimn\u00ed koncert28. listopadu &#8211; V\u00e1no\u010dn\u00ed koncert V\u0161echny na\u0161e koncerty v Michnov\u011b pal\u00e1ci se konaj\u00ed v &hellip; <a class=\"more-link\" href=\"https:\/\/www.modrasynkopa.cz\/?p=444\">Pokra\u010dovat ve \u010dten\u00ed <span class=\"meta-nav\">&rarr;<\/span><\/a><\/p>\n","protected":false},"author":1,"featured_media":0,"comment_status":"closed","ping_status":"open","sticky":false,"template":"","format":"standard","meta":{"footnotes":""},"categories":[1],"tags":[],"class_list":["post-444","post","type-post","status-publish","format-standard","hentry","category-nezarazene"],"_links":{"self":[{"href":"https:\/\/www.modrasynkopa.cz\/index.php?rest_route=\/wp\/v2\/posts\/444","targetHints":{"allow":["GET"]}}],"collection":[{"href":"https:\/\/www.modrasynkopa.cz\/index.php?rest_route=\/wp\/v2\/posts"}],"about":[{"href":"https:\/\/www.modrasynkopa.cz\/index.php?rest_route=\/wp\/v2\/types\/post"}],"author":[{"embeddable":true,"href":"https:\/\/www.modrasynkopa.cz\/index.php?rest_route=\/wp\/v2\/users\/1"}],"replies":[{"embeddable":true,"href":"https:\/\/www.modrasynkopa.cz\/index.php?rest_route=%2Fwp%2Fv2%2Fcomments&post=444"}],"version-history":[{"count":2,"href":"https:\/\/www.modrasynkopa.cz\/index.php?rest_route=\/wp\/v2\/posts\/444\/revisions"}],"predecessor-version":[{"id":447,"href":"https:\/\/www.modrasynkopa.cz\/index.php?rest_route=\/wp\/v2\/posts\/444\/revisions\/447"}],"wp:attachment":[{"href":"https:\/\/www.modrasynkopa.cz\/index.php?rest_route=%2Fwp%2Fv2%2Fmedia&parent=444"}],"wp:term":[{"taxonomy":"category","embeddable":true,"href":"https:\/\/www.modrasynkopa.cz\/index.php?rest_route=%2Fwp%2Fv2%2Fcategories&post=444"},{"taxonomy":"post_tag","embeddable":true,"href":"https:\/\/www.modrasynkopa.cz\/index.php?rest_route=%2Fwp%2Fv2%2Ftags&post=444"}],"curies":[{"name":"wp","href":"https:\/\/api.w.org\/{rel}","templated":true}]}}