{"id":394,"date":"2018-05-11T11:11:51","date_gmt":"2018-05-11T09:11:51","guid":{"rendered":"http:\/\/www.modrasynkopa.cz\/?p=394"},"modified":"2018-05-11T11:11:51","modified_gmt":"2018-05-11T09:11:51","slug":"jazzova-zahrada","status":"publish","type":"post","link":"https:\/\/www.modrasynkopa.cz\/?p=394","title":{"rendered":"Jazzov\u00e1 zahrada"},"content":{"rendered":"<p>Mil\u00ed p\u0159\u00e1tel\u00e9 swingov\u00e9 a jazzov\u00e9 hudby,<\/p>\n<p>dovolujeme si v\u00e1s pozvat na na\u0161e vystoupen\u00ed v Jazzov\u00e9 zahrad\u011b &#8220;Na star\u00e9 \u0161taci&#8221; pobl\u00ed\u017e Neratovic. Budeme zde hr\u00e1t v p\u0159\u00edjemn\u00e9m prost\u0159ed\u00ed rozkvetl\u00e9 zahrady v sobotu 12.5. od 19.00 do 22.00 hodin<\/p>\n<p><a href=\"http:\/\/www.modrasynkopa.cz\/wp-content\/uploads\/2018\/05\/Parket-p\u0159ipraven-1.jpg\"><img loading=\"lazy\" decoding=\"async\" class=\"alignnone size-medium wp-image-395\" src=\"http:\/\/www.modrasynkopa.cz\/wp-content\/uploads\/2018\/05\/Parket-p\u0159ipraven-1-300x200.jpg\" alt=\"\" width=\"300\" height=\"200\" srcset=\"https:\/\/www.modrasynkopa.cz\/wp-content\/uploads\/2018\/05\/Parket-p\u0159ipraven-1-300x200.jpg 300w, https:\/\/www.modrasynkopa.cz\/wp-content\/uploads\/2018\/05\/Parket-p\u0159ipraven-1-768x511.jpg 768w, https:\/\/www.modrasynkopa.cz\/wp-content\/uploads\/2018\/05\/Parket-p\u0159ipraven-1-451x300.jpg 451w, https:\/\/www.modrasynkopa.cz\/wp-content\/uploads\/2018\/05\/Parket-p\u0159ipraven-1-120x80.jpg 120w, https:\/\/www.modrasynkopa.cz\/wp-content\/uploads\/2018\/05\/Parket-p\u0159ipraven-1.jpg 800w\" sizes=\"auto, (max-width: 300px) 100vw, 300px\" \/><\/a><\/p>\n<p><a href=\"https:\/\/jazzova-zahrada.webnode.cz\/\" target=\"_blank\" rel=\"noopener\">Na st\u00e1nky Jazzov\u00e9 zahrady klikn\u011bte zde.<\/a><\/p>\n","protected":false},"excerpt":{"rendered":"<p>Mil\u00ed p\u0159\u00e1tel\u00e9 swingov\u00e9 a jazzov\u00e9 hudby, dovolujeme si v\u00e1s pozvat na na\u0161e vystoupen\u00ed v Jazzov\u00e9 zahrad\u011b &#8220;Na star\u00e9 \u0161taci&#8221; pobl\u00ed\u017e Neratovic. Budeme zde hr\u00e1t v p\u0159\u00edjemn\u00e9m prost\u0159ed\u00ed rozkvetl\u00e9 zahrady v sobotu 12.5. od 19.00 do 22.00 hodin Na st\u00e1nky Jazzov\u00e9 &hellip; <a class=\"more-link\" href=\"https:\/\/www.modrasynkopa.cz\/?p=394\">Pokra\u010dovat ve \u010dten\u00ed <span class=\"meta-nav\">&rarr;<\/span><\/a><\/p>\n","protected":false},"author":1,"featured_media":0,"comment_status":"closed","ping_status":"open","sticky":false,"template":"","format":"standard","meta":{"footnotes":""},"categories":[1],"tags":[],"class_list":["post-394","post","type-post","status-publish","format-standard","hentry","category-nezarazene"],"_links":{"self":[{"href":"https:\/\/www.modrasynkopa.cz\/index.php?rest_route=\/wp\/v2\/posts\/394","targetHints":{"allow":["GET"]}}],"collection":[{"href":"https:\/\/www.modrasynkopa.cz\/index.php?rest_route=\/wp\/v2\/posts"}],"about":[{"href":"https:\/\/www.modrasynkopa.cz\/index.php?rest_route=\/wp\/v2\/types\/post"}],"author":[{"embeddable":true,"href":"https:\/\/www.modrasynkopa.cz\/index.php?rest_route=\/wp\/v2\/users\/1"}],"replies":[{"embeddable":true,"href":"https:\/\/www.modrasynkopa.cz\/index.php?rest_route=%2Fwp%2Fv2%2Fcomments&post=394"}],"version-history":[{"count":1,"href":"https:\/\/www.modrasynkopa.cz\/index.php?rest_route=\/wp\/v2\/posts\/394\/revisions"}],"predecessor-version":[{"id":396,"href":"https:\/\/www.modrasynkopa.cz\/index.php?rest_route=\/wp\/v2\/posts\/394\/revisions\/396"}],"wp:attachment":[{"href":"https:\/\/www.modrasynkopa.cz\/index.php?rest_route=%2Fwp%2Fv2%2Fmedia&parent=394"}],"wp:term":[{"taxonomy":"category","embeddable":true,"href":"https:\/\/www.modrasynkopa.cz\/index.php?rest_route=%2Fwp%2Fv2%2Fcategories&post=394"},{"taxonomy":"post_tag","embeddable":true,"href":"https:\/\/www.modrasynkopa.cz\/index.php?rest_route=%2Fwp%2Fv2%2Ftags&post=394"}],"curies":[{"name":"wp","href":"https:\/\/api.w.org\/{rel}","templated":true}]}}