{"id":343,"date":"2017-05-29T13:49:59","date_gmt":"2017-05-29T11:49:59","guid":{"rendered":"http:\/\/www.modrasynkopa.cz\/?p=343"},"modified":"2017-06-16T13:19:58","modified_gmt":"2017-06-16T11:19:58","slug":"pozvanka-na-koncert-28-6-2017","status":"publish","type":"post","link":"https:\/\/www.modrasynkopa.cz\/?p=343","title":{"rendered":"Pozv\u00e1nka na koncert 28.6.2017"},"content":{"rendered":"<p>V\u00e1\u017een\u00ed a mil\u00ed p\u0159\u00edznivci jazzu, swingu a Modr\u00e9 Synkopy,<\/p>\n<p>zveme v\u00e1s na koncert 28.6.2017 od 19.00 hodin do Michnova pal\u00e1ce Tyr\u0161ova domu v Praze.<\/p>\n<p>Pros\u00edm pov\u0161imn\u011bte si zm\u011bny data, p\u016fvodn\u011b avizovan\u00fd term\u00edn 21.6 byl nahrazen term\u00ednem o t\u00fdden pozd\u011bji &#8211; 28.6.<\/p>\n<p><a href=\"http:\/\/www.modrasynkopa.cz\/wp-content\/uploads\/2017\/05\/Modr\u00e1_Synkopa_Koncert_28-6-2017.jpg\"><img loading=\"lazy\" decoding=\"async\" class=\"alignnone size-medium wp-image-368\" src=\"http:\/\/www.modrasynkopa.cz\/wp-content\/uploads\/2017\/05\/Modr\u00e1_Synkopa_Koncert_28-6-2017-212x300.jpg\" alt=\"\" width=\"212\" height=\"300\" srcset=\"https:\/\/www.modrasynkopa.cz\/wp-content\/uploads\/2017\/05\/Modr\u00e1_Synkopa_Koncert_28-6-2017-212x300.jpg 212w, https:\/\/www.modrasynkopa.cz\/wp-content\/uploads\/2017\/05\/Modr\u00e1_Synkopa_Koncert_28-6-2017-768x1086.jpg 768w, https:\/\/www.modrasynkopa.cz\/wp-content\/uploads\/2017\/05\/Modr\u00e1_Synkopa_Koncert_28-6-2017-724x1024.jpg 724w, https:\/\/www.modrasynkopa.cz\/wp-content\/uploads\/2017\/05\/Modr\u00e1_Synkopa_Koncert_28-6-2017.jpg 1654w\" sizes=\"auto, (max-width: 212px) 100vw, 212px\" \/><\/a><\/p>\n<p>T\u011b\u0161\u00edme se na va\u0161\u00ed n\u00e1v\u0161t\u011bvu a slibujeme p\u0159\u00edjemn\u00fd hudebn\u00ed podve\u010der!<\/p>\n","protected":false},"excerpt":{"rendered":"<p>V\u00e1\u017een\u00ed a mil\u00ed p\u0159\u00edznivci jazzu, swingu a Modr\u00e9 Synkopy, zveme v\u00e1s na koncert 28.6.2017 od 19.00 hodin do Michnova pal\u00e1ce Tyr\u0161ova domu v Praze. Pros\u00edm pov\u0161imn\u011bte si zm\u011bny data, p\u016fvodn\u011b avizovan\u00fd term\u00edn 21.6 byl nahrazen term\u00ednem o t\u00fdden pozd\u011bji &#8211; &hellip; <a class=\"more-link\" href=\"https:\/\/www.modrasynkopa.cz\/?p=343\">Pokra\u010dovat ve \u010dten\u00ed <span class=\"meta-nav\">&rarr;<\/span><\/a><\/p>\n","protected":false},"author":1,"featured_media":0,"comment_status":"closed","ping_status":"open","sticky":false,"template":"","format":"standard","meta":{"footnotes":""},"categories":[1],"tags":[],"class_list":["post-343","post","type-post","status-publish","format-standard","hentry","category-nezarazene"],"_links":{"self":[{"href":"https:\/\/www.modrasynkopa.cz\/index.php?rest_route=\/wp\/v2\/posts\/343","targetHints":{"allow":["GET"]}}],"collection":[{"href":"https:\/\/www.modrasynkopa.cz\/index.php?rest_route=\/wp\/v2\/posts"}],"about":[{"href":"https:\/\/www.modrasynkopa.cz\/index.php?rest_route=\/wp\/v2\/types\/post"}],"author":[{"embeddable":true,"href":"https:\/\/www.modrasynkopa.cz\/index.php?rest_route=\/wp\/v2\/users\/1"}],"replies":[{"embeddable":true,"href":"https:\/\/www.modrasynkopa.cz\/index.php?rest_route=%2Fwp%2Fv2%2Fcomments&post=343"}],"version-history":[{"count":3,"href":"https:\/\/www.modrasynkopa.cz\/index.php?rest_route=\/wp\/v2\/posts\/343\/revisions"}],"predecessor-version":[{"id":370,"href":"https:\/\/www.modrasynkopa.cz\/index.php?rest_route=\/wp\/v2\/posts\/343\/revisions\/370"}],"wp:attachment":[{"href":"https:\/\/www.modrasynkopa.cz\/index.php?rest_route=%2Fwp%2Fv2%2Fmedia&parent=343"}],"wp:term":[{"taxonomy":"category","embeddable":true,"href":"https:\/\/www.modrasynkopa.cz\/index.php?rest_route=%2Fwp%2Fv2%2Fcategories&post=343"},{"taxonomy":"post_tag","embeddable":true,"href":"https:\/\/www.modrasynkopa.cz\/index.php?rest_route=%2Fwp%2Fv2%2Ftags&post=343"}],"curies":[{"name":"wp","href":"https:\/\/api.w.org\/{rel}","templated":true}]}}