{"id":295,"date":"2016-11-22T16:17:25","date_gmt":"2016-11-22T15:17:25","guid":{"rendered":"http:\/\/www.modrasynkopa.cz\/?p=295"},"modified":"2016-11-22T16:17:25","modified_gmt":"2016-11-22T15:17:25","slug":"pozvanka-na-vanocni-koncert","status":"publish","type":"post","link":"https:\/\/www.modrasynkopa.cz\/?p=295","title":{"rendered":"Pozv\u00e1nka na v\u00e1no\u010dn\u00ed koncert"},"content":{"rendered":"<p>V\u00e1\u017een\u00ed p\u0159\u00edznivci swingu a Modr\u00e9 synkopy!<\/p>\n<p>Zveme v\u00e1s na v\u00e1no\u010dn\u00ed koncert 7.12.2016, jako v\u017edy do Michnov\u011b pal\u00e1ci na Kamp\u011b.<\/p>\n<p>M\u00e1me pro v\u00e1s krom\u011b na\u0161ich tradi\u010dn\u00edch swingov\u00fdch a jazzov\u00fdch fl\u00e1k\u016f p\u0159ipraveny tak\u00e9 nov\u00e9 p\u00edsn\u011b a nav\u00edc je na\u0161e hudebn\u00ed slo\u017eka obohacena o nov\u00e9ho hr\u00e1\u010de na klarinet a saxofon.<\/p>\n<p>Jako host ve\u010dera vystoup\u00ed Divadlo pod Pet\u0159\u00ednem, se kter\u00fdm Modr\u00e1 Synkopa spolupracuje na p\u0159edstaven\u00ed\u00a0 V+W: Balada z hadr\u016f.<\/p>\n<p>T\u011b\u0161\u00edme se na v\u00e1s v 19.00. Vstupn\u00e9 dobrovoln\u00e9.<\/p>\n<p><a href=\"http:\/\/www.modrasynkopa.cz\/wp-content\/uploads\/2016\/11\/Modr\u00e1_Synkopa_Koncert_7-12-20161.jpg\"><img loading=\"lazy\" decoding=\"async\" class=\"alignnone wp-image-294 size-full\" src=\"http:\/\/www.modrasynkopa.cz\/wp-content\/uploads\/2016\/11\/Modr\u00e1_Synkopa_Koncert_7-12-20161.jpg\" alt=\"modra_synkopa_koncert_7-12-20161\" width=\"1418\" height=\"1992\" srcset=\"https:\/\/www.modrasynkopa.cz\/wp-content\/uploads\/2016\/11\/Modr\u00e1_Synkopa_Koncert_7-12-20161.jpg 1418w, https:\/\/www.modrasynkopa.cz\/wp-content\/uploads\/2016\/11\/Modr\u00e1_Synkopa_Koncert_7-12-20161-214x300.jpg 214w, https:\/\/www.modrasynkopa.cz\/wp-content\/uploads\/2016\/11\/Modr\u00e1_Synkopa_Koncert_7-12-20161-768x1079.jpg 768w, https:\/\/www.modrasynkopa.cz\/wp-content\/uploads\/2016\/11\/Modr\u00e1_Synkopa_Koncert_7-12-20161-729x1024.jpg 729w\" sizes=\"auto, (max-width: 1418px) 100vw, 1418px\" \/><\/a><\/p>\n","protected":false},"excerpt":{"rendered":"<p>V\u00e1\u017een\u00ed p\u0159\u00edznivci swingu a Modr\u00e9 synkopy! Zveme v\u00e1s na v\u00e1no\u010dn\u00ed koncert 7.12.2016, jako v\u017edy do Michnov\u011b pal\u00e1ci na Kamp\u011b. M\u00e1me pro v\u00e1s krom\u011b na\u0161ich tradi\u010dn\u00edch swingov\u00fdch a jazzov\u00fdch fl\u00e1k\u016f p\u0159ipraveny tak\u00e9 nov\u00e9 p\u00edsn\u011b a nav\u00edc je na\u0161e hudebn\u00ed slo\u017eka obohacena &hellip; <a class=\"more-link\" href=\"https:\/\/www.modrasynkopa.cz\/?p=295\">Pokra\u010dovat ve \u010dten\u00ed <span class=\"meta-nav\">&rarr;<\/span><\/a><\/p>\n","protected":false},"author":1,"featured_media":0,"comment_status":"closed","ping_status":"open","sticky":false,"template":"","format":"standard","meta":{"footnotes":""},"categories":[1],"tags":[],"class_list":["post-295","post","type-post","status-publish","format-standard","hentry","category-nezarazene"],"_links":{"self":[{"href":"https:\/\/www.modrasynkopa.cz\/index.php?rest_route=\/wp\/v2\/posts\/295","targetHints":{"allow":["GET"]}}],"collection":[{"href":"https:\/\/www.modrasynkopa.cz\/index.php?rest_route=\/wp\/v2\/posts"}],"about":[{"href":"https:\/\/www.modrasynkopa.cz\/index.php?rest_route=\/wp\/v2\/types\/post"}],"author":[{"embeddable":true,"href":"https:\/\/www.modrasynkopa.cz\/index.php?rest_route=\/wp\/v2\/users\/1"}],"replies":[{"embeddable":true,"href":"https:\/\/www.modrasynkopa.cz\/index.php?rest_route=%2Fwp%2Fv2%2Fcomments&post=295"}],"version-history":[{"count":1,"href":"https:\/\/www.modrasynkopa.cz\/index.php?rest_route=\/wp\/v2\/posts\/295\/revisions"}],"predecessor-version":[{"id":296,"href":"https:\/\/www.modrasynkopa.cz\/index.php?rest_route=\/wp\/v2\/posts\/295\/revisions\/296"}],"wp:attachment":[{"href":"https:\/\/www.modrasynkopa.cz\/index.php?rest_route=%2Fwp%2Fv2%2Fmedia&parent=295"}],"wp:term":[{"taxonomy":"category","embeddable":true,"href":"https:\/\/www.modrasynkopa.cz\/index.php?rest_route=%2Fwp%2Fv2%2Fcategories&post=295"},{"taxonomy":"post_tag","embeddable":true,"href":"https:\/\/www.modrasynkopa.cz\/index.php?rest_route=%2Fwp%2Fv2%2Ftags&post=295"}],"curies":[{"name":"wp","href":"https:\/\/api.w.org\/{rel}","templated":true}]}}