{"id":268,"date":"2016-06-30T14:28:49","date_gmt":"2016-06-30T12:28:49","guid":{"rendered":"http:\/\/www.modrasynkopa.cz\/?p=268"},"modified":"2016-06-30T14:37:07","modified_gmt":"2016-06-30T12:37:07","slug":"koncert-29-6-2016","status":"publish","type":"post","link":"https:\/\/www.modrasynkopa.cz\/?p=268","title":{"rendered":"Koncert 29.6.2016"},"content":{"rendered":"<p>Ve st\u0159edu 29.6.2016 prob\u011bhl pravideln\u00fd letn\u00ed koncert Modr\u00e9 synkopy v Michnov\u011b pal\u00e1ci. D\u011bkujeme v\u0161em kte\u0159\u00ed dorazili a omlouv\u00e1me se, \u017ee na n\u011bkter\u00e9 nevysta\u010dily \u017eidle &#8211; bylo poprv\u00e9 do posledn\u00edho m\u00edste\u010dka narv\u00e1no.<\/p>\n<p>Jako host vystoupil skv\u011bl\u00fd d\u00e1msk\u00fd sextet Tot\u00e1l Vok\u00e1l.<\/p>\n<p>Zde je z\u00e1znam prvn\u00ed poloviny vystoupen\u00ed:<\/p>\n<object type=\"application\/x-shockwave-flash\" width=\"480\" height=\"302\" data=\"http:\/\/getembedplus.com\/embedplus.swf\" id=\"ep2643\">\r<param value=\"http:\/\/getembedplus.com\/embedplus.swf\" name=\"movie\" \/>\r<param value=\"high\" name=\"quality\" \/>\r<param value=\"transparent\" name=\"wmode\" \/>\r<param value=\"always\" name=\"allowscriptaccess\" \/>\r<param value=\"true\" name=\"allowFullScreen\" \/>\r<param name=\"flashvars\" value=\"ytid=z-rrPHXVUZQ&width=480&height=270&start=&stop=&rs=w&hd=0&autoplay=0&react=1&chapters=&notes=&amp;rs=w\" \/>\r<iframe loading=\"lazy\" class=\"cantembedplus\" title=\"YouTube video player\" width=\"480\" height=\"270\" src=\"http:\/\/www.youtube.com\/embed\/z-rrPHXVUZQ?fs=1\" frameborder=\"0\" allowfullscreen><\/iframe>\r<\/object>\n<p>&nbsp;<\/p>\n<p>Nebo v pln\u00e9 verzi p\u0159\u00edmo na YouTube: <a href=\"https:\/\/www.youtube.com\/watch?v=z-rrPHXVUZQ\" target=\"_blank\">https:\/\/www.youtube.com\/watch?v=z-rrPHXVUZQ<\/a><\/p>\n<p>&nbsp;<\/p>\n<p>&nbsp;<\/p>\n","protected":false},"excerpt":{"rendered":"<p>Ve st\u0159edu 29.6.2016 prob\u011bhl pravideln\u00fd letn\u00ed koncert Modr\u00e9 synkopy v Michnov\u011b pal\u00e1ci. D\u011bkujeme v\u0161em kte\u0159\u00ed dorazili a omlouv\u00e1me se, \u017ee na n\u011bkter\u00e9 nevysta\u010dily \u017eidle &#8211; bylo poprv\u00e9 do posledn\u00edho m\u00edste\u010dka narv\u00e1no. Jako host vystoupil skv\u011bl\u00fd d\u00e1msk\u00fd sextet Tot\u00e1l Vok\u00e1l. Zde &hellip; <a class=\"more-link\" href=\"https:\/\/www.modrasynkopa.cz\/?p=268\">Pokra\u010dovat ve \u010dten\u00ed <span class=\"meta-nav\">&rarr;<\/span><\/a><\/p>\n","protected":false},"author":1,"featured_media":0,"comment_status":"closed","ping_status":"open","sticky":false,"template":"","format":"standard","meta":{"footnotes":""},"categories":[1],"tags":[],"class_list":["post-268","post","type-post","status-publish","format-standard","hentry","category-nezarazene"],"_links":{"self":[{"href":"https:\/\/www.modrasynkopa.cz\/index.php?rest_route=\/wp\/v2\/posts\/268","targetHints":{"allow":["GET"]}}],"collection":[{"href":"https:\/\/www.modrasynkopa.cz\/index.php?rest_route=\/wp\/v2\/posts"}],"about":[{"href":"https:\/\/www.modrasynkopa.cz\/index.php?rest_route=\/wp\/v2\/types\/post"}],"author":[{"embeddable":true,"href":"https:\/\/www.modrasynkopa.cz\/index.php?rest_route=\/wp\/v2\/users\/1"}],"replies":[{"embeddable":true,"href":"https:\/\/www.modrasynkopa.cz\/index.php?rest_route=%2Fwp%2Fv2%2Fcomments&post=268"}],"version-history":[{"count":3,"href":"https:\/\/www.modrasynkopa.cz\/index.php?rest_route=\/wp\/v2\/posts\/268\/revisions"}],"predecessor-version":[{"id":271,"href":"https:\/\/www.modrasynkopa.cz\/index.php?rest_route=\/wp\/v2\/posts\/268\/revisions\/271"}],"wp:attachment":[{"href":"https:\/\/www.modrasynkopa.cz\/index.php?rest_route=%2Fwp%2Fv2%2Fmedia&parent=268"}],"wp:term":[{"taxonomy":"category","embeddable":true,"href":"https:\/\/www.modrasynkopa.cz\/index.php?rest_route=%2Fwp%2Fv2%2Fcategories&post=268"},{"taxonomy":"post_tag","embeddable":true,"href":"https:\/\/www.modrasynkopa.cz\/index.php?rest_route=%2Fwp%2Fv2%2Ftags&post=268"}],"curies":[{"name":"wp","href":"https:\/\/api.w.org\/{rel}","templated":true}]}}