{"id":165,"date":"2015-06-18T14:39:50","date_gmt":"2015-06-18T12:39:50","guid":{"rendered":"http:\/\/www.modrasynkopa.cz\/?p=165"},"modified":"2015-07-23T14:42:54","modified_gmt":"2015-07-23T12:42:54","slug":"vystoupeni-na-maltezskem-namesti","status":"publish","type":"post","link":"https:\/\/www.modrasynkopa.cz\/?p=165","title":{"rendered":"Vystoupen\u00ed na Malt\u00e9zsk\u00e9m n\u00e1m\u011bst\u00ed"},"content":{"rendered":"<p>V \u00fater\u00fd 16.6. vystoupila Modr\u00e1 Synkopa spolu s dal\u0161\u00edmi hudebn\u00edky na behnefi\u010dn\u00ed akci IV. Prost\u0159en\u00fd st\u016fl pro konzervato\u0159 Jana Deyla.<\/p>\n<p>B\u011bhem ve\u010dera p\u0159i\u0161lo\u00a0na akci p\u0159es 800 n\u00e1v\u0161t\u011bvn\u00edk\u016f aby zakoupen\u00edm j\u00eddel a n\u00e1poj\u016f ve st\u00e1nc\u00edch Malostransk\u00fdch restaurac\u00ed a firem podpo\u0159ili akci, jej\u00ed\u017e v\u00fdt\u011b\u017eek 40 tis\u00edc K\u010d bude v\u011bnov\u00e1n na n\u00e1kup v\u00fdtvarn\u00fdch pot\u0159eb a pom\u016fcek pro d\u011bti a studenty konzervato\u0159e.<\/p>\n<p>&nbsp;<\/p>\n<p><a href=\"http:\/\/www.modrasynkopa.cz\/wp-content\/uploads\/2015\/07\/Maltezak1.jpg\"><img loading=\"lazy\" decoding=\"async\" class=\"alignnone  wp-image-163\" src=\"http:\/\/www.modrasynkopa.cz\/wp-content\/uploads\/2015\/07\/Maltezak1-212x300.jpg\" alt=\"Maltezak1\" width=\"283\" height=\"392\" data-wp-pid=\"163\" \/><\/a><\/p>\n<p><a href=\"http:\/\/www.modrasynkopa.cz\/wp-content\/uploads\/2015\/07\/Maltezak2.jpg\"><img loading=\"lazy\" decoding=\"async\" class=\"alignnone size-medium wp-image-164\" src=\"http:\/\/www.modrasynkopa.cz\/wp-content\/uploads\/2015\/07\/Maltezak2-277x300.jpg\" alt=\"Maltezak2\" width=\"277\" height=\"300\" data-wp-pid=\"164\" srcset=\"https:\/\/www.modrasynkopa.cz\/wp-content\/uploads\/2015\/07\/Maltezak2-277x300.jpg 277w, https:\/\/www.modrasynkopa.cz\/wp-content\/uploads\/2015\/07\/Maltezak2-740x800.jpg 740w, https:\/\/www.modrasynkopa.cz\/wp-content\/uploads\/2015\/07\/Maltezak2.jpg 800w\" sizes=\"auto, (max-width: 277px) 100vw, 277px\" \/><\/a><\/p>\n<p>&nbsp;<\/p>\n","protected":false},"excerpt":{"rendered":"<p>V \u00fater\u00fd 16.6. vystoupila Modr\u00e1 Synkopa spolu s dal\u0161\u00edmi hudebn\u00edky na behnefi\u010dn\u00ed akci IV. Prost\u0159en\u00fd st\u016fl pro konzervato\u0159 Jana Deyla. B\u011bhem ve\u010dera p\u0159i\u0161lo\u00a0na akci p\u0159es 800 n\u00e1v\u0161t\u011bvn\u00edk\u016f aby zakoupen\u00edm j\u00eddel a n\u00e1poj\u016f ve st\u00e1nc\u00edch Malostransk\u00fdch restaurac\u00ed a firem podpo\u0159ili akci, &hellip; <a class=\"more-link\" href=\"https:\/\/www.modrasynkopa.cz\/?p=165\">Pokra\u010dovat ve \u010dten\u00ed <span class=\"meta-nav\">&rarr;<\/span><\/a><\/p>\n","protected":false},"author":1,"featured_media":0,"comment_status":"closed","ping_status":"open","sticky":false,"template":"","format":"standard","meta":{"footnotes":""},"categories":[1],"tags":[],"class_list":["post-165","post","type-post","status-publish","format-standard","hentry","category-nezarazene"],"_links":{"self":[{"href":"https:\/\/www.modrasynkopa.cz\/index.php?rest_route=\/wp\/v2\/posts\/165","targetHints":{"allow":["GET"]}}],"collection":[{"href":"https:\/\/www.modrasynkopa.cz\/index.php?rest_route=\/wp\/v2\/posts"}],"about":[{"href":"https:\/\/www.modrasynkopa.cz\/index.php?rest_route=\/wp\/v2\/types\/post"}],"author":[{"embeddable":true,"href":"https:\/\/www.modrasynkopa.cz\/index.php?rest_route=\/wp\/v2\/users\/1"}],"replies":[{"embeddable":true,"href":"https:\/\/www.modrasynkopa.cz\/index.php?rest_route=%2Fwp%2Fv2%2Fcomments&post=165"}],"version-history":[{"count":1,"href":"https:\/\/www.modrasynkopa.cz\/index.php?rest_route=\/wp\/v2\/posts\/165\/revisions"}],"predecessor-version":[{"id":166,"href":"https:\/\/www.modrasynkopa.cz\/index.php?rest_route=\/wp\/v2\/posts\/165\/revisions\/166"}],"wp:attachment":[{"href":"https:\/\/www.modrasynkopa.cz\/index.php?rest_route=%2Fwp%2Fv2%2Fmedia&parent=165"}],"wp:term":[{"taxonomy":"category","embeddable":true,"href":"https:\/\/www.modrasynkopa.cz\/index.php?rest_route=%2Fwp%2Fv2%2Fcategories&post=165"},{"taxonomy":"post_tag","embeddable":true,"href":"https:\/\/www.modrasynkopa.cz\/index.php?rest_route=%2Fwp%2Fv2%2Ftags&post=165"}],"curies":[{"name":"wp","href":"https:\/\/api.w.org\/{rel}","templated":true}]}}