{"id":161,"date":"2015-07-23T13:34:53","date_gmt":"2015-07-23T11:34:53","guid":{"rendered":"http:\/\/www.modrasynkopa.cz\/?p=161"},"modified":"2015-07-23T13:34:53","modified_gmt":"2015-07-23T11:34:53","slug":"vystoupeni-na-streleckem-ostrove","status":"publish","type":"post","link":"https:\/\/www.modrasynkopa.cz\/?p=161","title":{"rendered":"Vystoupen\u00ed na St\u0159eleck\u00e9m ostrov\u011b"},"content":{"rendered":"<p>V ned\u011bli 19.7. vystoupila Modr\u00e1 Synkopa na tradi\u010dn\u00edm promen\u00e1dn\u00edm koncert\u011b na St\u0159eleck\u00e9m ostrov\u011b v Praze. P\u0159es \u00famorn\u00e9 vedro panuj\u00edc\u00ed ji\u017e n\u011bkolik dn\u00ed se n\u00e1m poda\u0159ilo zaujmout des\u00edtky lid\u00ed, kte\u0159\u00ed n\u00e1s vydr\u017eeli poslouchat dv\u011b hodiny. Kv\u016fli nepl\u00e1novan\u00e9mu prodlou\u017een\u00ed vystoupen\u00ed jsme \u010d\u00e1st p\u00edsni\u010dek zrekapitulovali.<\/p>\n<p>Jak se vyj\u00e1d\u0159il z\u00e1stupce Prahy 1, po\u0159adatele promen\u00e1dn\u00edch koncert\u016f, p\u0159i na\u0161em vystoupen\u00ed se lidi neproch\u00e1zej\u00ed, jako obvykle, kdy si poslechnou jednu dv\u011b p\u00edsni\u010dky a jdou d\u00e1l. Na na\u0161e vystoupen\u00ed si lidi sednou a poslouchaj\u00ed cel\u00fd koncert. To n\u00e1s samoz\u0159ejm\u011b t\u011b\u0161\u00ed a do budoucna slibujeme dal\u0161\u00ed roz\u0161i\u0159ovan\u00ed reperto\u00e1ru, pest\u0159ej\u0161\u00ed aran\u017ee, s\u00f3lovky i dueta a st\u00e1l\u00e9 zlep\u0161ov\u00e1n\u00ed na\u0161eho hudebn\u00edho projevu.<\/p>\n<p>MS<\/p>\n","protected":false},"excerpt":{"rendered":"<p>V ned\u011bli 19.7. vystoupila Modr\u00e1 Synkopa na tradi\u010dn\u00edm promen\u00e1dn\u00edm koncert\u011b na St\u0159eleck\u00e9m ostrov\u011b v Praze. P\u0159es \u00famorn\u00e9 vedro panuj\u00edc\u00ed ji\u017e n\u011bkolik dn\u00ed se n\u00e1m poda\u0159ilo zaujmout des\u00edtky lid\u00ed, kte\u0159\u00ed n\u00e1s vydr\u017eeli poslouchat dv\u011b hodiny. Kv\u016fli nepl\u00e1novan\u00e9mu prodlou\u017een\u00ed vystoupen\u00ed jsme \u010d\u00e1st &hellip; <a class=\"more-link\" href=\"https:\/\/www.modrasynkopa.cz\/?p=161\">Pokra\u010dovat ve \u010dten\u00ed <span class=\"meta-nav\">&rarr;<\/span><\/a><\/p>\n","protected":false},"author":1,"featured_media":0,"comment_status":"closed","ping_status":"open","sticky":false,"template":"","format":"standard","meta":{"footnotes":""},"categories":[1],"tags":[],"class_list":["post-161","post","type-post","status-publish","format-standard","hentry","category-nezarazene"],"_links":{"self":[{"href":"https:\/\/www.modrasynkopa.cz\/index.php?rest_route=\/wp\/v2\/posts\/161","targetHints":{"allow":["GET"]}}],"collection":[{"href":"https:\/\/www.modrasynkopa.cz\/index.php?rest_route=\/wp\/v2\/posts"}],"about":[{"href":"https:\/\/www.modrasynkopa.cz\/index.php?rest_route=\/wp\/v2\/types\/post"}],"author":[{"embeddable":true,"href":"https:\/\/www.modrasynkopa.cz\/index.php?rest_route=\/wp\/v2\/users\/1"}],"replies":[{"embeddable":true,"href":"https:\/\/www.modrasynkopa.cz\/index.php?rest_route=%2Fwp%2Fv2%2Fcomments&post=161"}],"version-history":[{"count":1,"href":"https:\/\/www.modrasynkopa.cz\/index.php?rest_route=\/wp\/v2\/posts\/161\/revisions"}],"predecessor-version":[{"id":162,"href":"https:\/\/www.modrasynkopa.cz\/index.php?rest_route=\/wp\/v2\/posts\/161\/revisions\/162"}],"wp:attachment":[{"href":"https:\/\/www.modrasynkopa.cz\/index.php?rest_route=%2Fwp%2Fv2%2Fmedia&parent=161"}],"wp:term":[{"taxonomy":"category","embeddable":true,"href":"https:\/\/www.modrasynkopa.cz\/index.php?rest_route=%2Fwp%2Fv2%2Fcategories&post=161"},{"taxonomy":"post_tag","embeddable":true,"href":"https:\/\/www.modrasynkopa.cz\/index.php?rest_route=%2Fwp%2Fv2%2Ftags&post=161"}],"curies":[{"name":"wp","href":"https:\/\/api.w.org\/{rel}","templated":true}]}}