{"id":105,"date":"2015-02-03T16:16:26","date_gmt":"2015-02-03T15:16:26","guid":{"rendered":"http:\/\/www.modrasynkopa.cz\/?p=105"},"modified":"2015-02-03T16:17:04","modified_gmt":"2015-02-03T15:17:04","slug":"105","status":"publish","type":"post","link":"https:\/\/www.modrasynkopa.cz\/?p=105","title":{"rendered":"Pozv\u00e1nka na koncert"},"content":{"rendered":"<p>Mil\u00ed hudebn\u00ed p\u0159\u00edtel\u00e9,<\/p>\n<p>zveme v\u00e1s na koncert do Malostransk\u00e9 besedy, v ned\u011bli 1.3.2015 v 19 hodin.<\/p>\n<p>hostem ve\u010dera bude Franti\u0161ek Tom\u00e1\u0161ek a p\u0159\u00e1tel\u00e9<\/p>\n<p>vstupn\u00e9 dobrovoln\u00e9<\/p>\n<p>T\u011b\u0161\u00edme se na va\u0161\u00ed n\u00e1v\u0161t\u011bvu a na ve\u010der pln\u00fd hezk\u00fdch p\u00edsni\u010dek a melodi\u00ed.<\/p>\n<p><a href=\"http:\/\/www.modrasynkopa.cz\/wp-content\/uploads\/2015\/02\/Koncert_1-3-2015.pdf\">Zde klikn\u011bte pro rozbalen\u00ed plak\u00e1tu: Koncert_1-3-2015<\/a><\/p>\n","protected":false},"excerpt":{"rendered":"<p>Mil\u00ed hudebn\u00ed p\u0159\u00edtel\u00e9, zveme v\u00e1s na koncert do Malostransk\u00e9 besedy, v ned\u011bli 1.3.2015 v 19 hodin. hostem ve\u010dera bude Franti\u0161ek Tom\u00e1\u0161ek a p\u0159\u00e1tel\u00e9 vstupn\u00e9 dobrovoln\u00e9 T\u011b\u0161\u00edme se na va\u0161\u00ed n\u00e1v\u0161t\u011bvu a na ve\u010der pln\u00fd hezk\u00fdch p\u00edsni\u010dek a melodi\u00ed. Zde klikn\u011bte &hellip; <a class=\"more-link\" href=\"https:\/\/www.modrasynkopa.cz\/?p=105\">Pokra\u010dovat ve \u010dten\u00ed <span class=\"meta-nav\">&rarr;<\/span><\/a><\/p>\n","protected":false},"author":1,"featured_media":0,"comment_status":"closed","ping_status":"open","sticky":false,"template":"","format":"standard","meta":{"footnotes":""},"categories":[6],"tags":[],"class_list":["post-105","post","type-post","status-publish","format-standard","hentry","category-co-je-noveho"],"_links":{"self":[{"href":"https:\/\/www.modrasynkopa.cz\/index.php?rest_route=\/wp\/v2\/posts\/105","targetHints":{"allow":["GET"]}}],"collection":[{"href":"https:\/\/www.modrasynkopa.cz\/index.php?rest_route=\/wp\/v2\/posts"}],"about":[{"href":"https:\/\/www.modrasynkopa.cz\/index.php?rest_route=\/wp\/v2\/types\/post"}],"author":[{"embeddable":true,"href":"https:\/\/www.modrasynkopa.cz\/index.php?rest_route=\/wp\/v2\/users\/1"}],"replies":[{"embeddable":true,"href":"https:\/\/www.modrasynkopa.cz\/index.php?rest_route=%2Fwp%2Fv2%2Fcomments&post=105"}],"version-history":[{"count":4,"href":"https:\/\/www.modrasynkopa.cz\/index.php?rest_route=\/wp\/v2\/posts\/105\/revisions"}],"predecessor-version":[{"id":110,"href":"https:\/\/www.modrasynkopa.cz\/index.php?rest_route=\/wp\/v2\/posts\/105\/revisions\/110"}],"wp:attachment":[{"href":"https:\/\/www.modrasynkopa.cz\/index.php?rest_route=%2Fwp%2Fv2%2Fmedia&parent=105"}],"wp:term":[{"taxonomy":"category","embeddable":true,"href":"https:\/\/www.modrasynkopa.cz\/index.php?rest_route=%2Fwp%2Fv2%2Fcategories&post=105"},{"taxonomy":"post_tag","embeddable":true,"href":"https:\/\/www.modrasynkopa.cz\/index.php?rest_route=%2Fwp%2Fv2%2Ftags&post=105"}],"curies":[{"name":"wp","href":"https:\/\/api.w.org\/{rel}","templated":true}]}}